{"id":68749,"date":"2026-01-23T11:02:26","date_gmt":"2026-01-23T11:02:26","guid":{"rendered":"https:\/\/kycaml.guide\/comparison-kyc\/?p=68749"},"modified":"2026-04-29T15:22:29","modified_gmt":"2026-04-29T15:22:29","slug":"festival-nam-11-edicion-de-la-fiesta-gastronomica-2","status":"publish","type":"post","link":"https:\/\/kycaml.guide\/comparison-kyc\/niam-cl\/festival-nam-11-edicion-de-la-fiesta-gastronomica-2\/","title":{"rendered":"Festival \u00d1am: 11\u00aa edici\u00f3n de la fiesta gastron\u00f3mica Arquitectura, dise\u00f1o y decoraci\u00f3n"},"content":{"rendered":"<div id=\"toc\" style=\"background: #f9f9f9;border: 1px solid #aaa;display: table;margin-bottom: 1em;padding: 1em;width: 350px;\">\n<p class=\"toctitle\" style=\"font-weight: 700;text-align: center;\">Content<\/p>\n<ul class=\"toc_list\">\n<li><a href=\"#toc-0\">Toda la info sobre entradas a nuestro festival en\u00a0Niam.cl<\/a><\/li>\n<li><a href=\"#toc-1\">Eva Ayll\u00f3n en Chile 2026: la voz peruana recorrer\u00e1 nueve ciudades del pa\u00eds<\/a><\/li>\n<li><a href=\"#toc-4\">SOCIAL<\/a><\/li>\n<\/ul>\n<\/div>\n<p>De la misma forma, la alcadesa de Santiago, Irac\u00ed Hassler, celebr\u00f3 la utilizaci\u00f3n de espacios p\u00fablicos y tur\u00edsticos como lo es el cerro Santa Luc\u00eda. Desde su creaci\u00f3n en 2022, los Bootcamps han capacitado a m\u00e1s de 2.000 j\u00f3venes y generado 600 nuevos empleos en restaurantes colaboradores, ofreciendo una formaci\u00f3n tanto digital como presencial. En esta \u00faltima modalidad, los restaurantes participantes se transforman en espacios de aprendizaje para los alumnos al abrir sus puertas y convertir sus establecimientos en salas de clases.<\/p>\n<h2 id=\"toc-0\">Toda la info sobre entradas a nuestro festival en&nbsp;Niam.cl<\/h2>\n<p>Las populares&nbsp;cociner\u00edas y carros&nbsp;para disfrutar algo reci\u00e9n hecho al almuerzo o en el&nbsp;after office,&nbsp;con&nbsp;bar incluido, por supuesto. Fue as\u00ed que naci\u00f3 un negocio familiar, asesorado con la experiencia de muchos a\u00f1os,&nbsp; fundando la empresa Publiclima Ltda. Con su consejo nuestra empresa con base en la V regi\u00f3n&nbsp; presta servicios en mantenci\u00f3n industrial desde el a\u00f1o 2009 hasta la fecha, contando con&nbsp; profesionales de alto nivel quienes proporcionan una respuesta oportuna y adecuada a las&nbsp; necesidades de sus clientes.<\/p>\n<h3 id=\"toc-1\">Eva Ayll\u00f3n en Chile 2026: la voz peruana recorrer\u00e1 nueve ciudades del pa\u00eds<\/h3>\n<p>De acuerdo con un informe de la Organizaci\u00f3n Internacional del Trabajo (OIT) y la Comisi\u00f3n Econ\u00f3mica para Am\u00e9rica Latina y el Caribe (Cepal), Chile es uno de los tres pa\u00edses de Latinoam\u00e9rica con menor recuperaci\u00f3n de empleos tras la pandemia, con un desempleo juvenil que alcanza el 21,4%. En respuesta a esta situaci\u00f3n, la Fundaci\u00f3n Gastronom\u00eda Social, con el apoyo de Coca-Cola Chile, impulsan los Bootcamps Gastron\u00f3micos, programa de capacitaci\u00f3n gratuita dise\u00f1ado para que j\u00f3venes entre 18 y 29 a\u00f1os puedan adquirir habilidades en servicios gastron\u00f3micos y facilitar su inserci\u00f3n en el mercado laboral. Sobre esta versi\u00f3n del Festival \u00d1am, la directora de comunicaciones, Ana Riveros, se\u00f1al\u00f3 que &quot;es una fiesta gastron\u00f3mica para ponernos al d\u00eda con nuestro pa\u00eds. Tendremos 100 puestos de stands de mercado junto a INDAP, adem\u00e1s de 16 puestos de pesca artesanal que vienen desde Aricas hasta la regi\u00f3n de Los Lagos&quot;. A trav\u00e9s de laboratorios, talleres, clases de cocina promovemos que ni\u00f1as y ni\u00f1os (entre 5 y 10 a\u00f1os) construyan una relaci\u00f3n consciente, reflexiva y positiva con la alimentaci\u00f3n mediante experiencias sensoriales, emocionales y l\u00fadicas mediadas pedag\u00f3gicamente en un contexto de educaci\u00f3n no formal. El objetivo de esta iniciativa es resaltar el papel de la gastronom\u00eda como una herramienta social y un aliado clave de la econom\u00eda nacional, as\u00ed como el compromiso de estos restaurantes con la educaci\u00f3n, la integraci\u00f3n social y el empoderamiento de los j\u00f3venes, posicionando a la gastronom\u00eda como un motor de transformaci\u00f3n social.<\/p>\n<p>Su objetivo es desarrollar espacios de mayor calidad de formaci\u00f3n, junto a la creaci\u00f3n de oportunidades de empleabilidad y microemprendimiento que fomenten y protejan la equidad social. Para dar m\u00e1s detalles de esta edici\u00f3n, la cr\u00edtica gastron\u00f3mica y directora de comunicaciones de \u00d1am, Ana Riveros, en conjunto a Manuela Iribarren de Barra de Pickles, visit\u00f3 a Marco Silva y Mar\u00eda Elena Dressel en Nada Es Tan Grave. Este fin de semana se celebrar\u00e1 por tres jornadas consecutivas una nueva edici\u00f3n del Festival \u00d1AM, el reconocido evento gastron\u00f3mico que promete reunir lo mejor de la cocina, de los productos de todo Chile, de la cocteler\u00eda y m\u00e1s. Para INDAP, la participaci\u00f3n en \u00d1am Santiago 2026 representa una oportunidad estrat\u00e9gica para fortalecer la comercializaci\u00f3n, generar nuevos clientes y posicionar la marca de la Agricultura Familiar Campesina en mercados m\u00e1s amplios, destacando el valor de los productos con identidad territorial y elaboraci\u00f3n tradicional.<\/p>\n<p>Este hito destaca el papel de la gastronom\u00eda como motor de cambio y transformaci\u00f3n, as\u00ed como la importante labor de estos establecimientos en capacitar a las nuevas generaciones. En esta ocasi\u00f3n, los restaurantes Ocean Pacific\u2019s, Liguria, Novotel, Santa Brasa y Castillo Forestal fueron premiados por abrir sus puertas y ser aliados en la educaci\u00f3n de j\u00f3venes y convertirse en un puente de nuevas oportunidades para ellos. Son programas gratuitos de capacitaci\u00f3n intensiva y formaci\u00f3n profesional dirigidos a j\u00f3venes entre 18 y 29 a\u00f1os, con el fin de mejorar su inserci\u00f3n laboral en el rubro gastron\u00f3mico, gracias a la academia digital \u00d1AM y sus postulaciones 100% online en academia.niam.cl. El Festival Gastron\u00f3mico \u00d1am regresa este 28, 29 y 30 de marzo con su 12\u00b0 edici\u00f3n bajo el lema &quot;E\u00f1am\u00f3rate&quot;. Esta celebraci\u00f3n tendr\u00e1 lugar en el Parque Padre Hurtado y promete cautivar a los amantes del disfrute a trav\u00e9s de experiencias \u00fanicas que incluyen la participaci\u00f3n de destacados chefs y expertos gastron\u00f3micos internacionales.<\/p>\n<h3 id=\"toc-2\">Expo Bidfood 2026 en La Serena: innovaci\u00f3n y gastronom\u00eda impulsan el desarrollo del norte<\/h3>\n<p>La dise\u00f1adora gr\u00e1fica y directora de la Revista Placeres&nbsp;es una de las tantas mujeres que conforman el&nbsp;team&nbsp;\u00d1am, entre ellas las periodistas gastron\u00f3micas&nbsp;Raquel Telias y Ana Rivero. Nuestra labor fundamental&nbsp; es proporcionar a nuestros clientes una excelente atenci\u00f3n en el servicio, en forma r\u00e1pida y oportuna para la mantenci\u00f3n de sus instalaciones con una cobertura de 24\/7. En tiempos donde la continuidad en el funcionamiento de los espacios destinados a atender clientes es primordial, somos la soluci\u00f3n perfecta y ac\u00e1 encontrar\u00e1s la mejor opci\u00f3n para asegurar la actividad de su establecimiento. Comparti\u00f3 su visi\u00f3n sobre c\u00f3mo la gastronom\u00eda puede convertirse en un verdadero motor de cambio.<\/p>\n<p>Los Bootcamps Gastron\u00f3micos cuentan con el apoyo de instituciones clave como el Fondo de Solidaridad e Inversi\u00f3n Social (FOSIS), la Asociaci\u00f3n Chilena de Gastronom\u00eda (Achiga) y el Instituto Nacional de la Juventud (INJUV), quienes han sido parte del \u00e9xito del programa, ayudando a expandir su alcance a nivel nacional. Para finalizar, agreg\u00f3 que vuelve &quot;\u00d1am Innova, un espacio para pensar tipo charlas TED con grandes expertos gastron\u00f3micos para aprender y descubrir. La nueva edici\u00f3n de \u00d1am contar\u00e1 con Per\u00fa como pa\u00eds invitado y se celebrar\u00e1 en Parque Padre Hurtado. Se enviar\u00e1 un enlace a tu direcci\u00f3n de correo electr\u00f3nico para establecer una nueva contrase\u00f1a. Las entradas pueden adquirirse a trav\u00e9s del sistema Puntoticket, haciendo clic en este enlace.<\/p>\n<ul>\n<li>Este jueves 22 de marzo comienza la octava versi\u00f3n del Festival Latinoamericano de Cocina &quot;\u00d1am&quot;, el que se realizar\u00e1 en el Cerro Santa Luc\u00eda y que estar\u00e1 abierto al p\u00fablico hasta el domingo 25 del mismo mes.<\/li>\n<li>Estas plataformas, desarrolladas por la Fundaci\u00f3n Gastronom\u00eda Social (FGS) con el apoyo de BID Lab (el laboratorio de innovaci\u00f3n del Grupo Banco Interamericano de Desarrollo), est\u00e1n dirigidas tanto al p\u00fablico que goza con la gastronom\u00eda como a j\u00f3venes con menos oportunidades quienes podr\u00e1n acceder a becas y posibilidades laborales.<\/li>\n<li>A trav\u00e9s de laboratorios, talleres, clases de cocina promovemos que ni\u00f1as y ni\u00f1os (entre 5 y 10 a\u00f1os) construyan una relaci\u00f3n consciente, reflexiva y positiva con la alimentaci\u00f3n mediante experiencias sensoriales, emocionales y l\u00fadicas mediadas pedag\u00f3gicamente en un contexto de educaci\u00f3n no formal.<\/li>\n<li>Habr\u00e1 preparaciones para todos los gustos como comida t\u00edpica, artesanal, helados, aperitivos entre muchos otros.<\/li>\n<\/ul>\n<p>Tambi\u00e9n, tendr\u00e1n legumbres como lentejas y porotos burros y granados, adem\u00e1s de licores artesanales, vinos de cepas ancestrales, quesos finos de cabra y vaca, carne de cordero, miel y productos agroprocesados gourmet. La directora de comunicaciones de la actividad, Ana Rivero, sostuvo que \u201che viajado a distintos festivales del mundo y <a href=\"niam.cl\">niam.cl<\/a> te puedo decir con seriedad, y no porque trabaje ac\u00e1, que es uno de los mejores festivales que hay\u201d. Esta ser\u00e1 la versi\u00f3n n\u00famero 13 de este evento, el cual cuenta con una amplia variedad de platos y preparaciones, adem\u00e1s de charlas y conversatorios en torno a la comida.<\/p>\n<p>Con el lema \u201cLa Mesa de Chile\u201d, se realizar\u00e1 la versi\u00f3n 2024 del Festival \u00d1am Santiago, el que se ha transformado en una fiesta imperdible para todos los gozadores y fan\u00e1ticos de la gastronom\u00eda y que se realizar\u00e1 en el Parque Santa Rosa de Apoquindo, los d\u00edas viernes 22, s\u00e1bado 23 y domingo 24 de marzo. Estos d\u00edas mostraremos nuestras riquezas gastron\u00f3micas de norte a sur de nuestro pa\u00eds, saborearemos lo que dan nuestros desiertos, mares, monta\u00f1as y bosques\u2026 tendremos a Chile como protagonista. La directora de&nbsp;PromPer\u00fa&nbsp;en Chile,&nbsp;Mar\u00eda Teresa Villena, se\u00f1al\u00f3 que \u201cestamos muy contentos de estar presentes en la feria m\u00e1s emblem\u00e1tica y principal de la gastronom\u00eda de Chile y muy honrados de haber sido designados pa\u00eds invitado en esta d\u00e9cimo tercera edici\u00f3n del festival. Considero que esto realmente va a fortalecer m\u00e1s a\u00fan la presencia gastron\u00f3mica ya marcada que tenemos en todo Chile\u201d. En este contexto, &quot;\u00d1am Innova&quot; responde a una iniciativa que contar\u00e1 con la presencia de exponentes internacionales y nacionales, quienes ofrecer\u00e1n charlas abiertas al p\u00fablico sobre innovaci\u00f3n y las \u00faltimas tendencias que est\u00e1n siendo incorporadas en las cocinas del mundo. En esta actividad seremos parte de COCINA TRASVASIJE, espacio de intercambio de saberes y sabores entre productores de \u00d1AM Mercado y cocineros de distintas partes de Chile, con clases de cocina pr\u00e1cticas y expositivas de nuestros docentes y con la participaci\u00f3n de estudiantes de diferentes Sedes.<\/p>\n<h2 id=\"toc-4\">SOCIAL<\/h2>\n<p>Un total de 30 emprendimientos campesinos de 13 regiones del pa\u00eds representar\u00e1n a la Agricultura Familiar Campesina en el Festival \u00d1am Santiago 2026, uno de los encuentros gastron\u00f3micos m\u00e1s importantes de Chile, que se desarrollar\u00e1 entre el 10 y el 12 de abril en el Parque Padre Hurtado, en la comuna de La Reina. \u201cHemos participado antes en otras ferias y expos, pero es laprimera vez que estamos presentes en \u00d1AM como Agr\u00edcola aymara Kumara\u201d, cuentaJohana, quien agrega que a esta versi\u00f3n llegaron con m\u00e1s de 60 kilos delllamado grano de oro. \u201cEstamos contentas de participar y representar a nuestraregi\u00f3n y muy dispuesta a seguir mostrando los productos de Colchane, para quela gente conozca la agricultura de los aymara\u201d, remarc\u00f3. Somos representantes autorizados en la regi\u00f3n de Los R\u00edos de la prestigiosa marca ANWO l\u00edder nacional en equipos de climatizaci\u00f3n y con el mejor soporte del mercado para todas sus partes y piezas. Por otro lado, esta \u00d1am Sunset, tiene una atmosfera para m\u00e1s adultos y como sabemos el Cerro San Luc\u00eda tiene uno de los mejores atardeceres de la ciudad, sunset que podr\u00e1s disfrutar juntos a tus amigos con entretenidas clases de cocteler\u00eda, barras de vinos y cervezas, m\u00fasica con DJ y buena comida.<\/p>\n<p>Seg\u00fan anticipan los organizadores, \u201cen \u00d1AM la educaci\u00f3n alimentaria se vive y se aprende\u201d. De la misma manera, el Beer Garden ofrecer\u00e1 una gran variedad de cervezas, mientras que los espacios dedicados a los vinos tambi\u00e9n prometen protagonizar esta nueva edici\u00f3n. El llamado \u00d1AM Bar reunir\u00e1 a algunos de los exponentes m\u00e1s destacados de la escena local de bares y cocteler\u00eda, los cuales han sido reconocidos internacionalmente. Desde la organizaci\u00f3n recomiendan llevar una bolsa para transportar m\u00e1s f\u00e1cilmente los productos que se adquieran en el evento.<\/p>\n<p>Nuestras grandes alianzas en \u00d1am son la&nbsp;agricultura familiar y la pesca artesanal. Desde un comienzo esta relaci\u00f3n nos ayuda a poder mostrar nuestro Chile, porque de cada parte vienen peque\u00f1os tesoros. Recuerdo que hace dos a\u00f1os trajimos a una mujer a preparar un plato en la cociner\u00eda, y fue tanta su pasi\u00f3n por el producto de donde ella vive -los choros maltones de Nehuentue-, que nos oblig\u00f3 a traer un cami\u00f3n lleno. As\u00ed nuestro trabajo tiene que ver con&nbsp;poder mostrar a la persona que est\u00e1 cultivando ese producto y que nos presenta el lugar de donde viene. Desde su creaci\u00f3n en 2022, los Bootcamps han capacitado a m\u00e1s de 2.000 j\u00f3venes y generado m\u00e1s de 600 empleos.<\/p>\n","protected":false},"excerpt":{"rendered":"<p>Content Toda la info sobre entradas a nuestro festival en\u00a0Niam.cl Eva Ayll\u00f3n en Chile 2026: la voz peruana recorrer\u00e1 nueve ciudades del pa\u00eds SOCIAL De la misma forma, la alcadesa de Santiago, Irac\u00ed Hassler, celebr\u00f3 la utilizaci\u00f3n de espacios p\u00fablicos y tur\u00edsticos como lo es el cerro Santa Luc\u00eda. Desde su creaci\u00f3n en 2022, los [&hellip;]<\/p>\n","protected":false},"author":27,"featured_media":0,"comment_status":"open","ping_status":"open","sticky":false,"template":"","format":"standard","meta":{"inline_featured_image":false,"footnotes":""},"categories":[165],"tags":[],"class_list":["post-68749","post","type-post","status-publish","format-standard","hentry","category-niam-cl"],"acf":[],"_links":{"self":[{"href":"https:\/\/kycaml.guide\/comparison-kyc\/wp-json\/wp\/v2\/posts\/68749","targetHints":{"allow":["GET"]}}],"collection":[{"href":"https:\/\/kycaml.guide\/comparison-kyc\/wp-json\/wp\/v2\/posts"}],"about":[{"href":"https:\/\/kycaml.guide\/comparison-kyc\/wp-json\/wp\/v2\/types\/post"}],"author":[{"embeddable":true,"href":"https:\/\/kycaml.guide\/comparison-kyc\/wp-json\/wp\/v2\/users\/27"}],"replies":[{"embeddable":true,"href":"https:\/\/kycaml.guide\/comparison-kyc\/wp-json\/wp\/v2\/comments?post=68749"}],"version-history":[{"count":1,"href":"https:\/\/kycaml.guide\/comparison-kyc\/wp-json\/wp\/v2\/posts\/68749\/revisions"}],"predecessor-version":[{"id":68750,"href":"https:\/\/kycaml.guide\/comparison-kyc\/wp-json\/wp\/v2\/posts\/68749\/revisions\/68750"}],"wp:attachment":[{"href":"https:\/\/kycaml.guide\/comparison-kyc\/wp-json\/wp\/v2\/media?parent=68749"}],"wp:term":[{"taxonomy":"category","embeddable":true,"href":"https:\/\/kycaml.guide\/comparison-kyc\/wp-json\/wp\/v2\/categories?post=68749"},{"taxonomy":"post_tag","embeddable":true,"href":"https:\/\/kycaml.guide\/comparison-kyc\/wp-json\/wp\/v2\/tags?post=68749"}],"curies":[{"name":"wp","href":"https:\/\/api.w.org\/{rel}","templated":true}]}}